{"id":20748,"date":"2025-08-14T23:34:40","date_gmt":"2025-08-14T22:34:40","guid":{"rendered":"https:\/\/www.omaec.org\/?p=20748"},"modified":"2025-08-22T23:37:32","modified_gmt":"2025-08-22T22:37:32","slug":"appointment-of-delegate-to-the-uno-by-omaec","status":"publish","type":"post","link":"https:\/\/www.omaec.org\/en\/appointment-of-delegate-to-the-uno-by-omaec\/","title":{"rendered":"APPOINTMENT OF DELEGATE TO THE UNO BY OMAEC"},"content":{"rendered":"<p style=\"text-align: center;\"><strong>APPOINTMENT OF DELEGATE TO THE <\/strong><strong>\u00a0ECONOMIC AND SOCIAL COUNCIL (ECOSOC)<\/strong><\/p>\n<p style=\"text-align: center;\"><strong>OF THE UNITED NATIONS<\/strong><\/p>\n<p style=\"text-align: center;\">Alfonso Giraldo Saavedra, president of the World Organization<\/p>\n<p style=\"text-align: center;\">of Alumni of Catholic Education (OMAEC), in strict compliance<\/p>\n<p style=\"text-align: center;\">with its statutes, hereby appoints Mr. GEOVANNY DUFFER ORDO\u00d1EZ,<\/p>\n<p style=\"text-align: center;\">of Ecuadorian nationality and Lasallian alumnus, as DELEGATE TO<\/p>\n<p style=\"text-align: center;\">THE ECONOMIC AND SOCIAL COUNCIL (ECOSOC) of the<\/p>\n<p style=\"text-align: center;\">UNITED NATIONS, headquartered in New York City.<\/p>\n<p><strong>\u00a0<\/strong><\/p>\n<p style=\"text-align: center;\">On the tenth (10) day of the month of March, of the year 2025<\/p>\n<p>&nbsp;<\/p>\n<p style=\"text-align: center;\">\u00a0\u00a0\u00a0 <strong>Alfonso Giraldo Saavedra<\/strong><\/p>\n<p style=\"text-align: center;\">\u00a0 President<\/p>\n<p style=\"text-align: center;\">GENERALICIA LA SALLE HOUSE \u2013 Aurelia Way 476- ROME<\/p>\n<p style=\"text-align: center;\"><a href=\"http:\/\/www.omaec.info\/secretario\">www.omaec.info\/secretario<\/a>general@omaec.info<\/p>\n<p>&nbsp;<\/p>\n<p><a href=\"https:\/\/www.omaec.org\/wp-content\/uploads\/2025\/06\/OMAEC-IMAGEN-1.jpg\"><img loading=\"lazy\" decoding=\"async\" class=\" wp-image-20654 aligncenter\" src=\"https:\/\/www.omaec.org\/wp-content\/uploads\/2025\/06\/OMAEC-IMAGEN-1-300x77.jpg\" alt=\"\" width=\"523\" height=\"134\" srcset=\"https:\/\/www.omaec.org\/wp-content\/uploads\/2025\/06\/OMAEC-IMAGEN-1-300x77.jpg 300w, https:\/\/www.omaec.org\/wp-content\/uploads\/2025\/06\/OMAEC-IMAGEN-1-1024x262.jpg 1024w, https:\/\/www.omaec.org\/wp-content\/uploads\/2025\/06\/OMAEC-IMAGEN-1-768x196.jpg 768w, https:\/\/www.omaec.org\/wp-content\/uploads\/2025\/06\/OMAEC-IMAGEN-1.jpg 1080w\" sizes=\"auto, (max-width: 523px) 100vw, 523px\" \/><\/a><\/p>\n","protected":false},"excerpt":{"rendered":"<p>APPOINTMENT OF DELEGATE TO THE \u00a0ECONOMIC AND SOCIAL COUNCIL (ECOSOC) OF THE UNITED NATIONS Alfonso Giraldo Saavedra, president of the World Organization of Alumni of Catholic Education (OMAEC), in strict compliance with its statutes, hereby appoints Mr. GEOVANNY DUFFER ORDO\u00d1EZ, of Ecuadorian nationality and Lasallian alumnus, as DELEGATE TO THE ECONOMIC AND SOCIAL COUNCIL (ECOSOC) <a href=\"https:\/\/www.omaec.org\/en\/appointment-of-delegate-to-the-uno-by-omaec\/\" rel=\"nofollow\">(more&#8230;)<\/a><\/p>\n","protected":false},"author":9,"featured_media":0,"comment_status":"closed","ping_status":"open","sticky":false,"template":"","format":"standard","meta":{"footnotes":""},"categories":[264],"tags":[],"class_list":["post-20748","post","type-post","status-publish","format-standard","hentry","category-omaec-documents"],"acf":[],"yoast_head":"<!-- This site is optimized with the Yoast SEO plugin v20.11 - https:\/\/yoast.com\/wordpress\/plugins\/seo\/ -->\n<title>APPOINTMENT OF DELEGATE TO THE UNO BY OMAEC - Organizaci\u00f3n Mundial de Antiguos Alumnos de la Educaci\u00f3n Cat\u00f3lica<\/title>\n<meta name=\"robots\" content=\"index, follow, max-snippet:-1, max-image-preview:large, max-video-preview:-1\" \/>\n<link rel=\"canonical\" href=\"https:\/\/www.omaec.org\/en\/appointment-of-delegate-to-the-uno-by-omaec\/\" \/>\n<meta property=\"og:locale\" content=\"en_US\" \/>\n<meta property=\"og:type\" content=\"article\" \/>\n<meta property=\"og:title\" content=\"APPOINTMENT OF DELEGATE TO THE UNO BY OMAEC - Organizaci\u00f3n Mundial de Antiguos Alumnos de la Educaci\u00f3n Cat\u00f3lica\" \/>\n<meta property=\"og:description\" content=\"APPOINTMENT OF DELEGATE TO THE \u00a0ECONOMIC AND SOCIAL COUNCIL (ECOSOC) OF THE UNITED NATIONS Alfonso Giraldo Saavedra, president of the World Organization of Alumni of Catholic Education (OMAEC), in strict compliance with its statutes, hereby appoints Mr. GEOVANNY DUFFER ORDO\u00d1EZ, of Ecuadorian nationality and Lasallian alumnus, as DELEGATE TO THE ECONOMIC AND SOCIAL COUNCIL (ECOSOC) (more...)\" \/>\n<meta property=\"og:url\" content=\"https:\/\/www.omaec.org\/en\/appointment-of-delegate-to-the-uno-by-omaec\/\" \/>\n<meta property=\"og:site_name\" content=\"Organizaci\u00f3n Mundial de Antiguos Alumnos de la Educaci\u00f3n Cat\u00f3lica\" \/>\n<meta property=\"article:published_time\" content=\"2025-08-14T22:34:40+00:00\" \/>\n<meta property=\"article:modified_time\" content=\"2025-08-22T22:37:32+00:00\" \/>\n<meta property=\"og:image\" content=\"https:\/\/www.omaec.org\/wp-content\/uploads\/2025\/06\/OMAEC-IMAGEN-1-300x77.jpg\" \/>\n<meta name=\"author\" content=\"Virginia Gonz\u00e1lez\" \/>\n<meta name=\"twitter:card\" content=\"summary_large_image\" \/>\n<meta name=\"twitter:label1\" content=\"Written by\" \/>\n\t<meta name=\"twitter:data1\" content=\"Virginia Gonz\u00e1lez\" \/>\n\t<meta name=\"twitter:label2\" content=\"Est. reading time\" \/>\n\t<meta name=\"twitter:data2\" content=\"1 minute\" \/>\n<script type=\"application\/ld+json\" class=\"yoast-schema-graph\">{\"@context\":\"https:\/\/schema.org\",\"@graph\":[{\"@type\":\"Article\",\"@id\":\"https:\/\/www.omaec.org\/en\/appointment-of-delegate-to-the-uno-by-omaec\/#article\",\"isPartOf\":{\"@id\":\"https:\/\/www.omaec.org\/en\/appointment-of-delegate-to-the-uno-by-omaec\/\"},\"author\":{\"name\":\"Virginia Gonz\u00e1lez\",\"@id\":\"https:\/\/www.omaec.org\/#\/schema\/person\/06cce3f97284b58f7c5365f117dfe895\"},\"headline\":\"APPOINTMENT OF DELEGATE TO THE UNO BY OMAEC\",\"datePublished\":\"2025-08-14T22:34:40+00:00\",\"dateModified\":\"2025-08-22T22:37:32+00:00\",\"mainEntityOfPage\":{\"@id\":\"https:\/\/www.omaec.org\/en\/appointment-of-delegate-to-the-uno-by-omaec\/\"},\"wordCount\":105,\"publisher\":{\"@id\":\"https:\/\/www.omaec.org\/#organization\"},\"articleSection\":[\"OMAEC Documents\"],\"inLanguage\":\"en-US\"},{\"@type\":\"WebPage\",\"@id\":\"https:\/\/www.omaec.org\/en\/appointment-of-delegate-to-the-uno-by-omaec\/\",\"url\":\"https:\/\/www.omaec.org\/en\/appointment-of-delegate-to-the-uno-by-omaec\/\",\"name\":\"APPOINTMENT OF DELEGATE TO THE UNO BY OMAEC - Organizaci\u00f3n Mundial de Antiguos Alumnos de la Educaci\u00f3n Cat\u00f3lica\",\"isPartOf\":{\"@id\":\"https:\/\/www.omaec.org\/#website\"},\"datePublished\":\"2025-08-14T22:34:40+00:00\",\"dateModified\":\"2025-08-22T22:37:32+00:00\",\"breadcrumb\":{\"@id\":\"https:\/\/www.omaec.org\/en\/appointment-of-delegate-to-the-uno-by-omaec\/#breadcrumb\"},\"inLanguage\":\"en-US\",\"potentialAction\":[{\"@type\":\"ReadAction\",\"target\":[\"https:\/\/www.omaec.org\/en\/appointment-of-delegate-to-the-uno-by-omaec\/\"]}]},{\"@type\":\"BreadcrumbList\",\"@id\":\"https:\/\/www.omaec.org\/en\/appointment-of-delegate-to-the-uno-by-omaec\/#breadcrumb\",\"itemListElement\":[{\"@type\":\"ListItem\",\"position\":1,\"name\":\"Portada\",\"item\":\"https:\/\/www.omaec.org\/en\/\"},{\"@type\":\"ListItem\",\"position\":2,\"name\":\"APPOINTMENT OF DELEGATE TO THE UNO BY OMAEC\"}]},{\"@type\":\"WebSite\",\"@id\":\"https:\/\/www.omaec.org\/#website\",\"url\":\"https:\/\/www.omaec.org\/\",\"name\":\"Organizaci\u00f3n Mundial de Antiguos Alumnos de la Educaci\u00f3n Cat\u00f3lica\",\"description\":\"OMAEC\",\"publisher\":{\"@id\":\"https:\/\/www.omaec.org\/#organization\"},\"potentialAction\":[{\"@type\":\"SearchAction\",\"target\":{\"@type\":\"EntryPoint\",\"urlTemplate\":\"https:\/\/www.omaec.org\/?s={search_term_string}\"},\"query-input\":\"required name=search_term_string\"}],\"inLanguage\":\"en-US\"},{\"@type\":\"Organization\",\"@id\":\"https:\/\/www.omaec.org\/#organization\",\"name\":\"Organizaci\u00f3n Mundial de Antiguos Alumnos de la Educaci\u00f3n Cat\u00f3lica\",\"url\":\"https:\/\/www.omaec.org\/\",\"logo\":{\"@type\":\"ImageObject\",\"inLanguage\":\"en-US\",\"@id\":\"https:\/\/www.omaec.org\/#\/schema\/logo\/image\/\",\"url\":\"https:\/\/www.omaec.org\/wp-content\/uploads\/2021\/06\/OMAEC-LOGO-OFICIAL.jpg\",\"contentUrl\":\"https:\/\/www.omaec.org\/wp-content\/uploads\/2021\/06\/OMAEC-LOGO-OFICIAL.jpg\",\"width\":525,\"height\":452,\"caption\":\"Organizaci\u00f3n Mundial de Antiguos  Alumnos de la Educaci\u00f3n Cat\u00f3lica\"},\"image\":{\"@id\":\"https:\/\/www.omaec.org\/#\/schema\/logo\/image\/\"}},{\"@type\":\"Person\",\"@id\":\"https:\/\/www.omaec.org\/#\/schema\/person\/06cce3f97284b58f7c5365f117dfe895\",\"name\":\"Virginia Gonz\u00e1lez\",\"image\":{\"@type\":\"ImageObject\",\"inLanguage\":\"en-US\",\"@id\":\"https:\/\/www.omaec.org\/#\/schema\/person\/image\/\",\"url\":\"https:\/\/www.omaec.org\/wp-content\/uploads\/2023\/02\/FOTO-VIRGINIA-96x96.jpeg\",\"contentUrl\":\"https:\/\/www.omaec.org\/wp-content\/uploads\/2023\/02\/FOTO-VIRGINIA-96x96.jpeg\",\"caption\":\"Virginia Gonz\u00e1lez\"},\"url\":\"https:\/\/www.omaec.org\/en\/author\/comunicaciones\/\"}]}<\/script>\n<!-- \/ Yoast SEO plugin. -->","yoast_head_json":{"title":"APPOINTMENT OF DELEGATE TO THE UNO BY OMAEC - Organizaci\u00f3n Mundial de Antiguos Alumnos de la Educaci\u00f3n Cat\u00f3lica","robots":{"index":"index","follow":"follow","max-snippet":"max-snippet:-1","max-image-preview":"max-image-preview:large","max-video-preview":"max-video-preview:-1"},"canonical":"https:\/\/www.omaec.org\/en\/appointment-of-delegate-to-the-uno-by-omaec\/","og_locale":"en_US","og_type":"article","og_title":"APPOINTMENT OF DELEGATE TO THE UNO BY OMAEC - Organizaci\u00f3n Mundial de Antiguos Alumnos de la Educaci\u00f3n Cat\u00f3lica","og_description":"APPOINTMENT OF DELEGATE TO THE \u00a0ECONOMIC AND SOCIAL COUNCIL (ECOSOC) OF THE UNITED NATIONS Alfonso Giraldo Saavedra, president of the World Organization of Alumni of Catholic Education (OMAEC), in strict compliance with its statutes, hereby appoints Mr. GEOVANNY DUFFER ORDO\u00d1EZ, of Ecuadorian nationality and Lasallian alumnus, as DELEGATE TO THE ECONOMIC AND SOCIAL COUNCIL (ECOSOC) (more...)","og_url":"https:\/\/www.omaec.org\/en\/appointment-of-delegate-to-the-uno-by-omaec\/","og_site_name":"Organizaci\u00f3n Mundial de Antiguos Alumnos de la Educaci\u00f3n Cat\u00f3lica","article_published_time":"2025-08-14T22:34:40+00:00","article_modified_time":"2025-08-22T22:37:32+00:00","og_image":[{"url":"https:\/\/www.omaec.org\/wp-content\/uploads\/2025\/06\/OMAEC-IMAGEN-1-300x77.jpg"}],"author":"Virginia Gonz\u00e1lez","twitter_card":"summary_large_image","twitter_misc":{"Written by":"Virginia Gonz\u00e1lez","Est. reading time":"1 minute"},"schema":{"@context":"https:\/\/schema.org","@graph":[{"@type":"Article","@id":"https:\/\/www.omaec.org\/en\/appointment-of-delegate-to-the-uno-by-omaec\/#article","isPartOf":{"@id":"https:\/\/www.omaec.org\/en\/appointment-of-delegate-to-the-uno-by-omaec\/"},"author":{"name":"Virginia Gonz\u00e1lez","@id":"https:\/\/www.omaec.org\/#\/schema\/person\/06cce3f97284b58f7c5365f117dfe895"},"headline":"APPOINTMENT OF DELEGATE TO THE UNO BY OMAEC","datePublished":"2025-08-14T22:34:40+00:00","dateModified":"2025-08-22T22:37:32+00:00","mainEntityOfPage":{"@id":"https:\/\/www.omaec.org\/en\/appointment-of-delegate-to-the-uno-by-omaec\/"},"wordCount":105,"publisher":{"@id":"https:\/\/www.omaec.org\/#organization"},"articleSection":["OMAEC Documents"],"inLanguage":"en-US"},{"@type":"WebPage","@id":"https:\/\/www.omaec.org\/en\/appointment-of-delegate-to-the-uno-by-omaec\/","url":"https:\/\/www.omaec.org\/en\/appointment-of-delegate-to-the-uno-by-omaec\/","name":"APPOINTMENT OF DELEGATE TO THE UNO BY OMAEC - Organizaci\u00f3n Mundial de Antiguos Alumnos de la Educaci\u00f3n Cat\u00f3lica","isPartOf":{"@id":"https:\/\/www.omaec.org\/#website"},"datePublished":"2025-08-14T22:34:40+00:00","dateModified":"2025-08-22T22:37:32+00:00","breadcrumb":{"@id":"https:\/\/www.omaec.org\/en\/appointment-of-delegate-to-the-uno-by-omaec\/#breadcrumb"},"inLanguage":"en-US","potentialAction":[{"@type":"ReadAction","target":["https:\/\/www.omaec.org\/en\/appointment-of-delegate-to-the-uno-by-omaec\/"]}]},{"@type":"BreadcrumbList","@id":"https:\/\/www.omaec.org\/en\/appointment-of-delegate-to-the-uno-by-omaec\/#breadcrumb","itemListElement":[{"@type":"ListItem","position":1,"name":"Portada","item":"https:\/\/www.omaec.org\/en\/"},{"@type":"ListItem","position":2,"name":"APPOINTMENT OF DELEGATE TO THE UNO BY OMAEC"}]},{"@type":"WebSite","@id":"https:\/\/www.omaec.org\/#website","url":"https:\/\/www.omaec.org\/","name":"Organizaci\u00f3n Mundial de Antiguos Alumnos de la Educaci\u00f3n Cat\u00f3lica","description":"OMAEC","publisher":{"@id":"https:\/\/www.omaec.org\/#organization"},"potentialAction":[{"@type":"SearchAction","target":{"@type":"EntryPoint","urlTemplate":"https:\/\/www.omaec.org\/?s={search_term_string}"},"query-input":"required name=search_term_string"}],"inLanguage":"en-US"},{"@type":"Organization","@id":"https:\/\/www.omaec.org\/#organization","name":"Organizaci\u00f3n Mundial de Antiguos Alumnos de la Educaci\u00f3n Cat\u00f3lica","url":"https:\/\/www.omaec.org\/","logo":{"@type":"ImageObject","inLanguage":"en-US","@id":"https:\/\/www.omaec.org\/#\/schema\/logo\/image\/","url":"https:\/\/www.omaec.org\/wp-content\/uploads\/2021\/06\/OMAEC-LOGO-OFICIAL.jpg","contentUrl":"https:\/\/www.omaec.org\/wp-content\/uploads\/2021\/06\/OMAEC-LOGO-OFICIAL.jpg","width":525,"height":452,"caption":"Organizaci\u00f3n Mundial de Antiguos  Alumnos de la Educaci\u00f3n Cat\u00f3lica"},"image":{"@id":"https:\/\/www.omaec.org\/#\/schema\/logo\/image\/"}},{"@type":"Person","@id":"https:\/\/www.omaec.org\/#\/schema\/person\/06cce3f97284b58f7c5365f117dfe895","name":"Virginia Gonz\u00e1lez","image":{"@type":"ImageObject","inLanguage":"en-US","@id":"https:\/\/www.omaec.org\/#\/schema\/person\/image\/","url":"https:\/\/www.omaec.org\/wp-content\/uploads\/2023\/02\/FOTO-VIRGINIA-96x96.jpeg","contentUrl":"https:\/\/www.omaec.org\/wp-content\/uploads\/2023\/02\/FOTO-VIRGINIA-96x96.jpeg","caption":"Virginia Gonz\u00e1lez"},"url":"https:\/\/www.omaec.org\/en\/author\/comunicaciones\/"}]}},"_links":{"self":[{"href":"https:\/\/www.omaec.org\/en\/wp-json\/wp\/v2\/posts\/20748","targetHints":{"allow":["GET"]}}],"collection":[{"href":"https:\/\/www.omaec.org\/en\/wp-json\/wp\/v2\/posts"}],"about":[{"href":"https:\/\/www.omaec.org\/en\/wp-json\/wp\/v2\/types\/post"}],"author":[{"embeddable":true,"href":"https:\/\/www.omaec.org\/en\/wp-json\/wp\/v2\/users\/9"}],"replies":[{"embeddable":true,"href":"https:\/\/www.omaec.org\/en\/wp-json\/wp\/v2\/comments?post=20748"}],"version-history":[{"count":6,"href":"https:\/\/www.omaec.org\/en\/wp-json\/wp\/v2\/posts\/20748\/revisions"}],"predecessor-version":[{"id":20849,"href":"https:\/\/www.omaec.org\/en\/wp-json\/wp\/v2\/posts\/20748\/revisions\/20849"}],"wp:attachment":[{"href":"https:\/\/www.omaec.org\/en\/wp-json\/wp\/v2\/media?parent=20748"}],"wp:term":[{"taxonomy":"category","embeddable":true,"href":"https:\/\/www.omaec.org\/en\/wp-json\/wp\/v2\/categories?post=20748"},{"taxonomy":"post_tag","embeddable":true,"href":"https:\/\/www.omaec.org\/en\/wp-json\/wp\/v2\/tags?post=20748"}],"curies":[{"name":"wp","href":"https:\/\/api.w.org\/{rel}","templated":true}]}}