{"id":20746,"date":"2025-08-14T23:19:34","date_gmt":"2025-08-14T22:19:34","guid":{"rendered":"https:\/\/www.omaec.org\/?p=20746"},"modified":"2025-08-14T23:19:34","modified_gmt":"2025-08-14T22:19:34","slug":"summary-year-2025","status":"publish","type":"post","link":"https:\/\/www.omaec.org\/en\/summary-year-2025\/","title":{"rendered":"SUMMARY YEAR 2025"},"content":{"rendered":"<p>January 2025 &#8211; The OMAEC Council approves the election of the new OMAEC Treasurer, Mr. Claudio Preto, a former Jesuit student from Italy.<\/p>\n<ul>\n<li>April 2025 &#8211; Ordinary General Assembly convened three months earlier. President Alfonso Giraldo Saavedra&#8217;s request for leave is received; in ted to his position for three months, extendable for an additional three months due to serious illness. The appointment is approved, and Vice President Evangelina Garc\u00eda Richard remains in the position of Acting President.<\/li>\n<\/ul>\n<p>&nbsp;<\/p>\n<ul>\n<li>May 2025 &#8211; The OMAEC Department of Solidarity and Social Justice provides food assistance to approximately 300 vulnerable children, adolescents, and young people in Huancayo, Peru, at the Oratories of Don Bosco.<\/li>\n<\/ul>\n","protected":false},"excerpt":{"rendered":"<p>January 2025 &#8211; The OMAEC Council approves the election of the new OMAEC Treasurer, Mr. Claudio Preto, a former Jesuit student from Italy. April 2025 &#8211; Ordinary General Assembly convened three months earlier. President Alfonso Giraldo Saavedra&#8217;s request for leave is received; in ted to his position for three months, extendable for an additional three <a href=\"https:\/\/www.omaec.org\/en\/summary-year-2025\/\" rel=\"nofollow\">(more&#8230;)<\/a><\/p>\n","protected":false},"author":9,"featured_media":18745,"comment_status":"closed","ping_status":"open","sticky":false,"template":"","format":"standard","meta":{"footnotes":""},"categories":[49],"tags":[],"class_list":["post-20746","post","type-post","status-publish","format-standard","has-post-thumbnail","hentry","category-messages"],"acf":[],"yoast_head":"<!-- This site is optimized with the Yoast SEO plugin v20.11 - https:\/\/yoast.com\/wordpress\/plugins\/seo\/ -->\n<title>SUMMARY YEAR 2025 - Organizaci\u00f3n Mundial de Antiguos Alumnos de la Educaci\u00f3n Cat\u00f3lica<\/title>\n<meta name=\"robots\" content=\"index, follow, max-snippet:-1, max-image-preview:large, max-video-preview:-1\" \/>\n<link rel=\"canonical\" href=\"https:\/\/www.omaec.org\/en\/summary-year-2025\/\" \/>\n<meta property=\"og:locale\" content=\"en_US\" \/>\n<meta property=\"og:type\" content=\"article\" \/>\n<meta property=\"og:title\" content=\"SUMMARY YEAR 2025 - Organizaci\u00f3n Mundial de Antiguos Alumnos de la Educaci\u00f3n Cat\u00f3lica\" \/>\n<meta property=\"og:description\" content=\"January 2025 &#8211; The OMAEC Council approves the election of the new OMAEC Treasurer, Mr. Claudio Preto, a former Jesuit student from Italy. April 2025 &#8211; Ordinary General Assembly convened three months earlier. President Alfonso Giraldo Saavedra&#8217;s request for leave is received; in ted to his position for three months, extendable for an additional three (more...)\" \/>\n<meta property=\"og:url\" content=\"https:\/\/www.omaec.org\/en\/summary-year-2025\/\" \/>\n<meta property=\"og:site_name\" content=\"Organizaci\u00f3n Mundial de Antiguos Alumnos de la Educaci\u00f3n Cat\u00f3lica\" \/>\n<meta property=\"article:published_time\" content=\"2025-08-14T22:19:34+00:00\" \/>\n<meta property=\"og:image\" content=\"https:\/\/www.omaec.org\/wp-content\/uploads\/2023\/04\/cropped-omaec-ico.jpg\" \/>\n\t<meta property=\"og:image:width\" content=\"512\" \/>\n\t<meta property=\"og:image:height\" content=\"512\" \/>\n\t<meta property=\"og:image:type\" content=\"image\/jpeg\" \/>\n<meta name=\"author\" content=\"Virginia Gonz\u00e1lez\" \/>\n<meta name=\"twitter:card\" content=\"summary_large_image\" \/>\n<meta name=\"twitter:label1\" content=\"Written by\" \/>\n\t<meta name=\"twitter:data1\" content=\"Virginia Gonz\u00e1lez\" \/>\n\t<meta name=\"twitter:label2\" content=\"Est. reading time\" \/>\n\t<meta name=\"twitter:data2\" content=\"1 minute\" \/>\n<script type=\"application\/ld+json\" class=\"yoast-schema-graph\">{\"@context\":\"https:\/\/schema.org\",\"@graph\":[{\"@type\":\"Article\",\"@id\":\"https:\/\/www.omaec.org\/en\/summary-year-2025\/#article\",\"isPartOf\":{\"@id\":\"https:\/\/www.omaec.org\/en\/summary-year-2025\/\"},\"author\":{\"name\":\"Virginia Gonz\u00e1lez\",\"@id\":\"https:\/\/www.omaec.org\/#\/schema\/person\/06cce3f97284b58f7c5365f117dfe895\"},\"headline\":\"SUMMARY YEAR 2025\",\"datePublished\":\"2025-08-14T22:19:34+00:00\",\"dateModified\":\"2025-08-14T22:19:34+00:00\",\"mainEntityOfPage\":{\"@id\":\"https:\/\/www.omaec.org\/en\/summary-year-2025\/\"},\"wordCount\":110,\"publisher\":{\"@id\":\"https:\/\/www.omaec.org\/#organization\"},\"articleSection\":[\"Messages\"],\"inLanguage\":\"en-US\"},{\"@type\":\"WebPage\",\"@id\":\"https:\/\/www.omaec.org\/en\/summary-year-2025\/\",\"url\":\"https:\/\/www.omaec.org\/en\/summary-year-2025\/\",\"name\":\"SUMMARY YEAR 2025 - Organizaci\u00f3n Mundial de Antiguos Alumnos de la Educaci\u00f3n Cat\u00f3lica\",\"isPartOf\":{\"@id\":\"https:\/\/www.omaec.org\/#website\"},\"datePublished\":\"2025-08-14T22:19:34+00:00\",\"dateModified\":\"2025-08-14T22:19:34+00:00\",\"breadcrumb\":{\"@id\":\"https:\/\/www.omaec.org\/en\/summary-year-2025\/#breadcrumb\"},\"inLanguage\":\"en-US\",\"potentialAction\":[{\"@type\":\"ReadAction\",\"target\":[\"https:\/\/www.omaec.org\/en\/summary-year-2025\/\"]}]},{\"@type\":\"BreadcrumbList\",\"@id\":\"https:\/\/www.omaec.org\/en\/summary-year-2025\/#breadcrumb\",\"itemListElement\":[{\"@type\":\"ListItem\",\"position\":1,\"name\":\"Portada\",\"item\":\"https:\/\/www.omaec.org\/en\/\"},{\"@type\":\"ListItem\",\"position\":2,\"name\":\"SUMMARY YEAR 2025\"}]},{\"@type\":\"WebSite\",\"@id\":\"https:\/\/www.omaec.org\/#website\",\"url\":\"https:\/\/www.omaec.org\/\",\"name\":\"Organizaci\u00f3n Mundial de Antiguos Alumnos de la Educaci\u00f3n Cat\u00f3lica\",\"description\":\"OMAEC\",\"publisher\":{\"@id\":\"https:\/\/www.omaec.org\/#organization\"},\"potentialAction\":[{\"@type\":\"SearchAction\",\"target\":{\"@type\":\"EntryPoint\",\"urlTemplate\":\"https:\/\/www.omaec.org\/?s={search_term_string}\"},\"query-input\":\"required name=search_term_string\"}],\"inLanguage\":\"en-US\"},{\"@type\":\"Organization\",\"@id\":\"https:\/\/www.omaec.org\/#organization\",\"name\":\"Organizaci\u00f3n Mundial de Antiguos Alumnos de la Educaci\u00f3n Cat\u00f3lica\",\"url\":\"https:\/\/www.omaec.org\/\",\"logo\":{\"@type\":\"ImageObject\",\"inLanguage\":\"en-US\",\"@id\":\"https:\/\/www.omaec.org\/#\/schema\/logo\/image\/\",\"url\":\"https:\/\/www.omaec.org\/wp-content\/uploads\/2021\/06\/OMAEC-LOGO-OFICIAL.jpg\",\"contentUrl\":\"https:\/\/www.omaec.org\/wp-content\/uploads\/2021\/06\/OMAEC-LOGO-OFICIAL.jpg\",\"width\":525,\"height\":452,\"caption\":\"Organizaci\u00f3n Mundial de Antiguos  Alumnos de la Educaci\u00f3n Cat\u00f3lica\"},\"image\":{\"@id\":\"https:\/\/www.omaec.org\/#\/schema\/logo\/image\/\"}},{\"@type\":\"Person\",\"@id\":\"https:\/\/www.omaec.org\/#\/schema\/person\/06cce3f97284b58f7c5365f117dfe895\",\"name\":\"Virginia Gonz\u00e1lez\",\"image\":{\"@type\":\"ImageObject\",\"inLanguage\":\"en-US\",\"@id\":\"https:\/\/www.omaec.org\/#\/schema\/person\/image\/\",\"url\":\"https:\/\/www.omaec.org\/wp-content\/uploads\/2023\/02\/FOTO-VIRGINIA-96x96.jpeg\",\"contentUrl\":\"https:\/\/www.omaec.org\/wp-content\/uploads\/2023\/02\/FOTO-VIRGINIA-96x96.jpeg\",\"caption\":\"Virginia Gonz\u00e1lez\"},\"url\":\"https:\/\/www.omaec.org\/en\/author\/comunicaciones\/\"}]}<\/script>\n<!-- \/ Yoast SEO plugin. -->","yoast_head_json":{"title":"SUMMARY YEAR 2025 - Organizaci\u00f3n Mundial de Antiguos Alumnos de la Educaci\u00f3n Cat\u00f3lica","robots":{"index":"index","follow":"follow","max-snippet":"max-snippet:-1","max-image-preview":"max-image-preview:large","max-video-preview":"max-video-preview:-1"},"canonical":"https:\/\/www.omaec.org\/en\/summary-year-2025\/","og_locale":"en_US","og_type":"article","og_title":"SUMMARY YEAR 2025 - Organizaci\u00f3n Mundial de Antiguos Alumnos de la Educaci\u00f3n Cat\u00f3lica","og_description":"January 2025 &#8211; The OMAEC Council approves the election of the new OMAEC Treasurer, Mr. Claudio Preto, a former Jesuit student from Italy. April 2025 &#8211; Ordinary General Assembly convened three months earlier. President Alfonso Giraldo Saavedra&#8217;s request for leave is received; in ted to his position for three months, extendable for an additional three (more...)","og_url":"https:\/\/www.omaec.org\/en\/summary-year-2025\/","og_site_name":"Organizaci\u00f3n Mundial de Antiguos Alumnos de la Educaci\u00f3n Cat\u00f3lica","article_published_time":"2025-08-14T22:19:34+00:00","og_image":[{"width":512,"height":512,"url":"https:\/\/www.omaec.org\/wp-content\/uploads\/2023\/04\/cropped-omaec-ico.jpg","type":"image\/jpeg"}],"author":"Virginia Gonz\u00e1lez","twitter_card":"summary_large_image","twitter_misc":{"Written by":"Virginia Gonz\u00e1lez","Est. reading time":"1 minute"},"schema":{"@context":"https:\/\/schema.org","@graph":[{"@type":"Article","@id":"https:\/\/www.omaec.org\/en\/summary-year-2025\/#article","isPartOf":{"@id":"https:\/\/www.omaec.org\/en\/summary-year-2025\/"},"author":{"name":"Virginia Gonz\u00e1lez","@id":"https:\/\/www.omaec.org\/#\/schema\/person\/06cce3f97284b58f7c5365f117dfe895"},"headline":"SUMMARY YEAR 2025","datePublished":"2025-08-14T22:19:34+00:00","dateModified":"2025-08-14T22:19:34+00:00","mainEntityOfPage":{"@id":"https:\/\/www.omaec.org\/en\/summary-year-2025\/"},"wordCount":110,"publisher":{"@id":"https:\/\/www.omaec.org\/#organization"},"articleSection":["Messages"],"inLanguage":"en-US"},{"@type":"WebPage","@id":"https:\/\/www.omaec.org\/en\/summary-year-2025\/","url":"https:\/\/www.omaec.org\/en\/summary-year-2025\/","name":"SUMMARY YEAR 2025 - Organizaci\u00f3n Mundial de Antiguos Alumnos de la Educaci\u00f3n Cat\u00f3lica","isPartOf":{"@id":"https:\/\/www.omaec.org\/#website"},"datePublished":"2025-08-14T22:19:34+00:00","dateModified":"2025-08-14T22:19:34+00:00","breadcrumb":{"@id":"https:\/\/www.omaec.org\/en\/summary-year-2025\/#breadcrumb"},"inLanguage":"en-US","potentialAction":[{"@type":"ReadAction","target":["https:\/\/www.omaec.org\/en\/summary-year-2025\/"]}]},{"@type":"BreadcrumbList","@id":"https:\/\/www.omaec.org\/en\/summary-year-2025\/#breadcrumb","itemListElement":[{"@type":"ListItem","position":1,"name":"Portada","item":"https:\/\/www.omaec.org\/en\/"},{"@type":"ListItem","position":2,"name":"SUMMARY YEAR 2025"}]},{"@type":"WebSite","@id":"https:\/\/www.omaec.org\/#website","url":"https:\/\/www.omaec.org\/","name":"Organizaci\u00f3n Mundial de Antiguos Alumnos de la Educaci\u00f3n Cat\u00f3lica","description":"OMAEC","publisher":{"@id":"https:\/\/www.omaec.org\/#organization"},"potentialAction":[{"@type":"SearchAction","target":{"@type":"EntryPoint","urlTemplate":"https:\/\/www.omaec.org\/?s={search_term_string}"},"query-input":"required name=search_term_string"}],"inLanguage":"en-US"},{"@type":"Organization","@id":"https:\/\/www.omaec.org\/#organization","name":"Organizaci\u00f3n Mundial de Antiguos Alumnos de la Educaci\u00f3n Cat\u00f3lica","url":"https:\/\/www.omaec.org\/","logo":{"@type":"ImageObject","inLanguage":"en-US","@id":"https:\/\/www.omaec.org\/#\/schema\/logo\/image\/","url":"https:\/\/www.omaec.org\/wp-content\/uploads\/2021\/06\/OMAEC-LOGO-OFICIAL.jpg","contentUrl":"https:\/\/www.omaec.org\/wp-content\/uploads\/2021\/06\/OMAEC-LOGO-OFICIAL.jpg","width":525,"height":452,"caption":"Organizaci\u00f3n Mundial de Antiguos  Alumnos de la Educaci\u00f3n Cat\u00f3lica"},"image":{"@id":"https:\/\/www.omaec.org\/#\/schema\/logo\/image\/"}},{"@type":"Person","@id":"https:\/\/www.omaec.org\/#\/schema\/person\/06cce3f97284b58f7c5365f117dfe895","name":"Virginia Gonz\u00e1lez","image":{"@type":"ImageObject","inLanguage":"en-US","@id":"https:\/\/www.omaec.org\/#\/schema\/person\/image\/","url":"https:\/\/www.omaec.org\/wp-content\/uploads\/2023\/02\/FOTO-VIRGINIA-96x96.jpeg","contentUrl":"https:\/\/www.omaec.org\/wp-content\/uploads\/2023\/02\/FOTO-VIRGINIA-96x96.jpeg","caption":"Virginia Gonz\u00e1lez"},"url":"https:\/\/www.omaec.org\/en\/author\/comunicaciones\/"}]}},"_links":{"self":[{"href":"https:\/\/www.omaec.org\/en\/wp-json\/wp\/v2\/posts\/20746","targetHints":{"allow":["GET"]}}],"collection":[{"href":"https:\/\/www.omaec.org\/en\/wp-json\/wp\/v2\/posts"}],"about":[{"href":"https:\/\/www.omaec.org\/en\/wp-json\/wp\/v2\/types\/post"}],"author":[{"embeddable":true,"href":"https:\/\/www.omaec.org\/en\/wp-json\/wp\/v2\/users\/9"}],"replies":[{"embeddable":true,"href":"https:\/\/www.omaec.org\/en\/wp-json\/wp\/v2\/comments?post=20746"}],"version-history":[{"count":1,"href":"https:\/\/www.omaec.org\/en\/wp-json\/wp\/v2\/posts\/20746\/revisions"}],"predecessor-version":[{"id":20747,"href":"https:\/\/www.omaec.org\/en\/wp-json\/wp\/v2\/posts\/20746\/revisions\/20747"}],"wp:featuredmedia":[{"embeddable":true,"href":"https:\/\/www.omaec.org\/en\/wp-json\/wp\/v2\/media\/18745"}],"wp:attachment":[{"href":"https:\/\/www.omaec.org\/en\/wp-json\/wp\/v2\/media?parent=20746"}],"wp:term":[{"taxonomy":"category","embeddable":true,"href":"https:\/\/www.omaec.org\/en\/wp-json\/wp\/v2\/categories?post=20746"},{"taxonomy":"post_tag","embeddable":true,"href":"https:\/\/www.omaec.org\/en\/wp-json\/wp\/v2\/tags?post=20746"}],"curies":[{"name":"wp","href":"https:\/\/api.w.org\/{rel}","templated":true}]}}