{"id":19571,"date":"2023-09-11T08:16:59","date_gmt":"2023-09-11T07:16:59","guid":{"rendered":"https:\/\/www.omaec.org\/?p=19571"},"modified":"2023-09-11T08:20:10","modified_gmt":"2023-09-11T07:20:10","slug":"confecec-process-colombian-confederation-alumni-of-catholic-education","status":"publish","type":"post","link":"https:\/\/www.omaec.org\/en\/confecec-process-colombian-confederation-alumni-of-catholic-education\/","title":{"rendered":"CONFECEC PROCESS ( COLOMBIAN CONFEDERATION ALUMNI OF CATHOLIC EDUCATION)"},"content":{"rendered":"<p>CONFECEC ORGANISATIONAL PROCESS (CONFEDERACION COLOMBIANA DE EXALUMNOS DE LA EDUCACION CATOLICA)<\/p>\n<p>On past August 30<sup>th<\/sup>, previous of our OMAEC Flash 2023 edition and <strong>OMAEC Colombia Correspondent -Guillermo Guti\u00e9rrez Piraquive<\/strong> invitation, there was hold the first virtual meeting to resume the organizational process of the <strong>Colombian Confederation of Former Students of Catholic Education<\/strong>.\u00a0 Attending the meeting were OMAEC World President -Dr. Alfonso Giraldo Saavedra-; the Sisters delegates and Presidents of the Federations of Alumnae of the Daughters of Mary Help of Christians, from Medell\u00edn (Mar\u00eda Auxiliadora) and Bogot\u00e1 (Las Nieves and Our Lady of Chiquinquir\u00e1); the Delegate of the Provincial Association of Past Pupils SDB (San Pedro Claver- Bogot\u00e1) and the President of the Federation of Salesian Past Pupils of Don Bosco (San Lu\u00eds Beltr\u00e1n &#8211; Medell\u00edn).\u00a0 A commitment was made to make contacts with Past Pupils&#8217; organisations of other Religious Communities, in order to convene them for the next meeting in two months.<\/p>\n<p>&nbsp;<\/p>\n","protected":false},"excerpt":{"rendered":"<p>CONFECEC ORGANISATIONAL PROCESS (CONFEDERACION COLOMBIANA DE EXALUMNOS DE LA EDUCACION CATOLICA) On past August 30th, previous of our OMAEC Flash 2023 edition and OMAEC Colombia Correspondent -Guillermo Guti\u00e9rrez Piraquive invitation, there was hold the first virtual meeting to resume the organizational process of the Colombian Confederation of Former Students of Catholic Education.\u00a0 Attending the meeting <a href=\"https:\/\/www.omaec.org\/en\/confecec-process-colombian-confederation-alumni-of-catholic-education\/\" rel=\"nofollow\">(more&#8230;)<\/a><\/p>\n","protected":false},"author":1,"featured_media":19568,"comment_status":"closed","ping_status":"open","sticky":false,"template":"","format":"standard","meta":{"footnotes":""},"categories":[263],"tags":[],"class_list":["post-19571","post","type-post","status-publish","format-standard","has-post-thumbnail","hentry","category-correspondents"],"acf":[],"yoast_head":"<!-- This site is optimized with the Yoast SEO plugin v20.11 - https:\/\/yoast.com\/wordpress\/plugins\/seo\/ -->\n<title>CONFECEC PROCESS ( COLOMBIAN CONFEDERATION ALUMNI OF CATHOLIC EDUCATION) - Organizaci\u00f3n Mundial de Antiguos Alumnos de la Educaci\u00f3n Cat\u00f3lica<\/title>\n<meta name=\"robots\" content=\"index, follow, max-snippet:-1, max-image-preview:large, max-video-preview:-1\" \/>\n<link rel=\"canonical\" href=\"https:\/\/www.omaec.org\/en\/confecec-process-colombian-confederation-alumni-of-catholic-education\/\" \/>\n<meta property=\"og:locale\" content=\"en_US\" \/>\n<meta property=\"og:type\" content=\"article\" \/>\n<meta property=\"og:title\" content=\"CONFECEC PROCESS ( COLOMBIAN CONFEDERATION ALUMNI OF CATHOLIC EDUCATION) - Organizaci\u00f3n Mundial de Antiguos Alumnos de la Educaci\u00f3n Cat\u00f3lica\" \/>\n<meta property=\"og:description\" content=\"CONFECEC ORGANISATIONAL PROCESS (CONFEDERACION COLOMBIANA DE EXALUMNOS DE LA EDUCACION CATOLICA) On past August 30th, previous of our OMAEC Flash 2023 edition and OMAEC Colombia Correspondent -Guillermo Guti\u00e9rrez Piraquive invitation, there was hold the first virtual meeting to resume the organizational process of the Colombian Confederation of Former Students of Catholic Education.\u00a0 Attending the meeting (more...)\" \/>\n<meta property=\"og:url\" content=\"https:\/\/www.omaec.org\/en\/confecec-process-colombian-confederation-alumni-of-catholic-education\/\" \/>\n<meta property=\"og:site_name\" content=\"Organizaci\u00f3n Mundial de Antiguos Alumnos de la Educaci\u00f3n Cat\u00f3lica\" \/>\n<meta property=\"article:published_time\" content=\"2023-09-11T07:16:59+00:00\" \/>\n<meta property=\"article:modified_time\" content=\"2023-09-11T07:20:10+00:00\" \/>\n<meta property=\"og:image\" content=\"https:\/\/www.omaec.org\/wp-content\/uploads\/2023\/09\/encuentro-Confed.jpg\" \/>\n\t<meta property=\"og:image:width\" content=\"1024\" \/>\n\t<meta property=\"og:image:height\" content=\"768\" \/>\n\t<meta property=\"og:image:type\" content=\"image\/jpeg\" \/>\n<meta name=\"author\" content=\"Secretario General\" \/>\n<meta name=\"twitter:card\" content=\"summary_large_image\" \/>\n<meta name=\"twitter:label1\" content=\"Written by\" \/>\n\t<meta name=\"twitter:data1\" content=\"Secretario General\" \/>\n\t<meta name=\"twitter:label2\" content=\"Est. reading time\" \/>\n\t<meta name=\"twitter:data2\" content=\"1 minute\" \/>\n<script type=\"application\/ld+json\" class=\"yoast-schema-graph\">{\"@context\":\"https:\/\/schema.org\",\"@graph\":[{\"@type\":\"Article\",\"@id\":\"https:\/\/www.omaec.org\/en\/confecec-process-colombian-confederation-alumni-of-catholic-education\/#article\",\"isPartOf\":{\"@id\":\"https:\/\/www.omaec.org\/en\/confecec-process-colombian-confederation-alumni-of-catholic-education\/\"},\"author\":{\"name\":\"Secretario General\",\"@id\":\"https:\/\/www.omaec.org\/#\/schema\/person\/b6995e5c4038e3cf602f2bb958068c35\"},\"headline\":\"CONFECEC PROCESS ( COLOMBIAN CONFEDERATION ALUMNI OF CATHOLIC EDUCATION)\",\"datePublished\":\"2023-09-11T07:16:59+00:00\",\"dateModified\":\"2023-09-11T07:20:10+00:00\",\"mainEntityOfPage\":{\"@id\":\"https:\/\/www.omaec.org\/en\/confecec-process-colombian-confederation-alumni-of-catholic-education\/\"},\"wordCount\":167,\"publisher\":{\"@id\":\"https:\/\/www.omaec.org\/#organization\"},\"articleSection\":[\"Correspondents\"],\"inLanguage\":\"en-US\"},{\"@type\":\"WebPage\",\"@id\":\"https:\/\/www.omaec.org\/en\/confecec-process-colombian-confederation-alumni-of-catholic-education\/\",\"url\":\"https:\/\/www.omaec.org\/en\/confecec-process-colombian-confederation-alumni-of-catholic-education\/\",\"name\":\"CONFECEC PROCESS ( COLOMBIAN CONFEDERATION ALUMNI OF CATHOLIC EDUCATION) - Organizaci\u00f3n Mundial de Antiguos Alumnos de la Educaci\u00f3n Cat\u00f3lica\",\"isPartOf\":{\"@id\":\"https:\/\/www.omaec.org\/#website\"},\"datePublished\":\"2023-09-11T07:16:59+00:00\",\"dateModified\":\"2023-09-11T07:20:10+00:00\",\"breadcrumb\":{\"@id\":\"https:\/\/www.omaec.org\/en\/confecec-process-colombian-confederation-alumni-of-catholic-education\/#breadcrumb\"},\"inLanguage\":\"en-US\",\"potentialAction\":[{\"@type\":\"ReadAction\",\"target\":[\"https:\/\/www.omaec.org\/en\/confecec-process-colombian-confederation-alumni-of-catholic-education\/\"]}]},{\"@type\":\"BreadcrumbList\",\"@id\":\"https:\/\/www.omaec.org\/en\/confecec-process-colombian-confederation-alumni-of-catholic-education\/#breadcrumb\",\"itemListElement\":[{\"@type\":\"ListItem\",\"position\":1,\"name\":\"Portada\",\"item\":\"https:\/\/www.omaec.org\/en\/\"},{\"@type\":\"ListItem\",\"position\":2,\"name\":\"CONFECEC PROCESS ( COLOMBIAN CONFEDERATION ALUMNI OF CATHOLIC EDUCATION)\"}]},{\"@type\":\"WebSite\",\"@id\":\"https:\/\/www.omaec.org\/#website\",\"url\":\"https:\/\/www.omaec.org\/\",\"name\":\"Organizaci\u00f3n Mundial de Antiguos Alumnos de la Educaci\u00f3n Cat\u00f3lica\",\"description\":\"OMAEC\",\"publisher\":{\"@id\":\"https:\/\/www.omaec.org\/#organization\"},\"potentialAction\":[{\"@type\":\"SearchAction\",\"target\":{\"@type\":\"EntryPoint\",\"urlTemplate\":\"https:\/\/www.omaec.org\/?s={search_term_string}\"},\"query-input\":\"required name=search_term_string\"}],\"inLanguage\":\"en-US\"},{\"@type\":\"Organization\",\"@id\":\"https:\/\/www.omaec.org\/#organization\",\"name\":\"Organizaci\u00f3n Mundial de Antiguos Alumnos de la Educaci\u00f3n Cat\u00f3lica\",\"url\":\"https:\/\/www.omaec.org\/\",\"logo\":{\"@type\":\"ImageObject\",\"inLanguage\":\"en-US\",\"@id\":\"https:\/\/www.omaec.org\/#\/schema\/logo\/image\/\",\"url\":\"https:\/\/www.omaec.org\/wp-content\/uploads\/2021\/06\/OMAEC-LOGO-OFICIAL.jpg\",\"contentUrl\":\"https:\/\/www.omaec.org\/wp-content\/uploads\/2021\/06\/OMAEC-LOGO-OFICIAL.jpg\",\"width\":525,\"height\":452,\"caption\":\"Organizaci\u00f3n Mundial de Antiguos  Alumnos de la Educaci\u00f3n Cat\u00f3lica\"},\"image\":{\"@id\":\"https:\/\/www.omaec.org\/#\/schema\/logo\/image\/\"}},{\"@type\":\"Person\",\"@id\":\"https:\/\/www.omaec.org\/#\/schema\/person\/b6995e5c4038e3cf602f2bb958068c35\",\"name\":\"Secretario General\",\"image\":{\"@type\":\"ImageObject\",\"inLanguage\":\"en-US\",\"@id\":\"https:\/\/www.omaec.org\/#\/schema\/person\/image\/\",\"url\":\"https:\/\/www.omaec.org\/wp-content\/uploads\/2025\/03\/FOTO-GUILLERMO-GUTIERREZ-PIRAQUIVE-OMAEC-96x96.jpg\",\"contentUrl\":\"https:\/\/www.omaec.org\/wp-content\/uploads\/2025\/03\/FOTO-GUILLERMO-GUTIERREZ-PIRAQUIVE-OMAEC-96x96.jpg\",\"caption\":\"Secretario General\"},\"description\":\"EXPERIENCIA LABORAL: SERVICIO NACIONAL DE APRENDIZAJE-SENA Regional Bogot\u00e1. Centro de Gesti\u00f3n de Mercados, Log\u00edstica y Tecnolog\u00edas de la Informaci\u00f3n. \u00b7Instructor de Mercadeo. SERVICIO NACIONAL DE APRENDIZAJE-SENA Regional Bogot\u00e1. Centro de Gesti\u00f3n Administrativa. \u00b7Instructor de Ventas. ARTESAN\u00cdAS DE COLOMBIA. \u00b7Administrador Centro Artesanal La Chamba (Tolima). PROGRAMADORA TELECULTURALES. \u00b7Asistente de Direcci\u00f3n AGENCIAS DE PUBLICIDAD: REP Y MASTER \u00b7Jefe de Medios SANCHO PUBLICIDAD \u00b7Jefe de Tr\u00e1fico. LEO BURNETT \u00b7Asistente de Medios. EDUCACION: \u00b7FUNDACI\u00d3N UNIVERSITARIA SALESIANA Diplomado en Salesianidad. \u00b7POLIT\u00c9CNICO GRANCOLOMBIANO Especializaci\u00f3n en Gerencia de Mercadeo. \u00b7UNIVERSIDAD NACIONAL ABIERTA Y A DISTANCIA Administraci\u00f3n de Empresas. \u00b7SERVICIO NACIONAL DE APRENDIZAJE-SENA Mercadotecnia. \u00b7UNIVERSIDAD CENTRAL Publicidad. \u00b7COLEGIO SALESIANO DE LE\u00d3N XIII Bachiller Acad\u00e9mico. EXPERIENCIA EXALUMNAL: ASOCIACI\u00d3N DE EXALUMNOS SDB-AEXSDBINSPECTOR\u00cdA SAN PEDRO CLAVER Presidente Sexenio 2021-2027. \u00b7ASOCIACI\u00d3N DE EXALUMNOS SDB-AEXSDBINSPECTOR\u00cdA SAN PEDRO CLAVER Vicepresidente Sexenio 2015-2021. \u00b7COLEGIO SALESIANO DE LE\u00d3N XIII. L\u00edder Promoci\u00f3n 1969. EXALUMNAL\",\"url\":\"https:\/\/www.omaec.org\/en\/author\/omaec-admin\/\"}]}<\/script>\n<!-- \/ Yoast SEO plugin. -->","yoast_head_json":{"title":"CONFECEC PROCESS ( COLOMBIAN CONFEDERATION ALUMNI OF CATHOLIC EDUCATION) - Organizaci\u00f3n Mundial de Antiguos Alumnos de la Educaci\u00f3n Cat\u00f3lica","robots":{"index":"index","follow":"follow","max-snippet":"max-snippet:-1","max-image-preview":"max-image-preview:large","max-video-preview":"max-video-preview:-1"},"canonical":"https:\/\/www.omaec.org\/en\/confecec-process-colombian-confederation-alumni-of-catholic-education\/","og_locale":"en_US","og_type":"article","og_title":"CONFECEC PROCESS ( COLOMBIAN CONFEDERATION ALUMNI OF CATHOLIC EDUCATION) - Organizaci\u00f3n Mundial de Antiguos Alumnos de la Educaci\u00f3n Cat\u00f3lica","og_description":"CONFECEC ORGANISATIONAL PROCESS (CONFEDERACION COLOMBIANA DE EXALUMNOS DE LA EDUCACION CATOLICA) On past August 30th, previous of our OMAEC Flash 2023 edition and OMAEC Colombia Correspondent -Guillermo Guti\u00e9rrez Piraquive invitation, there was hold the first virtual meeting to resume the organizational process of the Colombian Confederation of Former Students of Catholic Education.\u00a0 Attending the meeting (more...)","og_url":"https:\/\/www.omaec.org\/en\/confecec-process-colombian-confederation-alumni-of-catholic-education\/","og_site_name":"Organizaci\u00f3n Mundial de Antiguos Alumnos de la Educaci\u00f3n Cat\u00f3lica","article_published_time":"2023-09-11T07:16:59+00:00","article_modified_time":"2023-09-11T07:20:10+00:00","og_image":[{"width":1024,"height":768,"url":"https:\/\/www.omaec.org\/wp-content\/uploads\/2023\/09\/encuentro-Confed.jpg","type":"image\/jpeg"}],"author":"Secretario General","twitter_card":"summary_large_image","twitter_misc":{"Written by":"Secretario General","Est. reading time":"1 minute"},"schema":{"@context":"https:\/\/schema.org","@graph":[{"@type":"Article","@id":"https:\/\/www.omaec.org\/en\/confecec-process-colombian-confederation-alumni-of-catholic-education\/#article","isPartOf":{"@id":"https:\/\/www.omaec.org\/en\/confecec-process-colombian-confederation-alumni-of-catholic-education\/"},"author":{"name":"Secretario General","@id":"https:\/\/www.omaec.org\/#\/schema\/person\/b6995e5c4038e3cf602f2bb958068c35"},"headline":"CONFECEC PROCESS ( COLOMBIAN CONFEDERATION ALUMNI OF CATHOLIC EDUCATION)","datePublished":"2023-09-11T07:16:59+00:00","dateModified":"2023-09-11T07:20:10+00:00","mainEntityOfPage":{"@id":"https:\/\/www.omaec.org\/en\/confecec-process-colombian-confederation-alumni-of-catholic-education\/"},"wordCount":167,"publisher":{"@id":"https:\/\/www.omaec.org\/#organization"},"articleSection":["Correspondents"],"inLanguage":"en-US"},{"@type":"WebPage","@id":"https:\/\/www.omaec.org\/en\/confecec-process-colombian-confederation-alumni-of-catholic-education\/","url":"https:\/\/www.omaec.org\/en\/confecec-process-colombian-confederation-alumni-of-catholic-education\/","name":"CONFECEC PROCESS ( COLOMBIAN CONFEDERATION ALUMNI OF CATHOLIC EDUCATION) - Organizaci\u00f3n Mundial de Antiguos Alumnos de la Educaci\u00f3n Cat\u00f3lica","isPartOf":{"@id":"https:\/\/www.omaec.org\/#website"},"datePublished":"2023-09-11T07:16:59+00:00","dateModified":"2023-09-11T07:20:10+00:00","breadcrumb":{"@id":"https:\/\/www.omaec.org\/en\/confecec-process-colombian-confederation-alumni-of-catholic-education\/#breadcrumb"},"inLanguage":"en-US","potentialAction":[{"@type":"ReadAction","target":["https:\/\/www.omaec.org\/en\/confecec-process-colombian-confederation-alumni-of-catholic-education\/"]}]},{"@type":"BreadcrumbList","@id":"https:\/\/www.omaec.org\/en\/confecec-process-colombian-confederation-alumni-of-catholic-education\/#breadcrumb","itemListElement":[{"@type":"ListItem","position":1,"name":"Portada","item":"https:\/\/www.omaec.org\/en\/"},{"@type":"ListItem","position":2,"name":"CONFECEC PROCESS ( COLOMBIAN CONFEDERATION ALUMNI OF CATHOLIC EDUCATION)"}]},{"@type":"WebSite","@id":"https:\/\/www.omaec.org\/#website","url":"https:\/\/www.omaec.org\/","name":"Organizaci\u00f3n Mundial de Antiguos Alumnos de la Educaci\u00f3n Cat\u00f3lica","description":"OMAEC","publisher":{"@id":"https:\/\/www.omaec.org\/#organization"},"potentialAction":[{"@type":"SearchAction","target":{"@type":"EntryPoint","urlTemplate":"https:\/\/www.omaec.org\/?s={search_term_string}"},"query-input":"required name=search_term_string"}],"inLanguage":"en-US"},{"@type":"Organization","@id":"https:\/\/www.omaec.org\/#organization","name":"Organizaci\u00f3n Mundial de Antiguos Alumnos de la Educaci\u00f3n Cat\u00f3lica","url":"https:\/\/www.omaec.org\/","logo":{"@type":"ImageObject","inLanguage":"en-US","@id":"https:\/\/www.omaec.org\/#\/schema\/logo\/image\/","url":"https:\/\/www.omaec.org\/wp-content\/uploads\/2021\/06\/OMAEC-LOGO-OFICIAL.jpg","contentUrl":"https:\/\/www.omaec.org\/wp-content\/uploads\/2021\/06\/OMAEC-LOGO-OFICIAL.jpg","width":525,"height":452,"caption":"Organizaci\u00f3n Mundial de Antiguos  Alumnos de la Educaci\u00f3n Cat\u00f3lica"},"image":{"@id":"https:\/\/www.omaec.org\/#\/schema\/logo\/image\/"}},{"@type":"Person","@id":"https:\/\/www.omaec.org\/#\/schema\/person\/b6995e5c4038e3cf602f2bb958068c35","name":"Secretario General","image":{"@type":"ImageObject","inLanguage":"en-US","@id":"https:\/\/www.omaec.org\/#\/schema\/person\/image\/","url":"https:\/\/www.omaec.org\/wp-content\/uploads\/2025\/03\/FOTO-GUILLERMO-GUTIERREZ-PIRAQUIVE-OMAEC-96x96.jpg","contentUrl":"https:\/\/www.omaec.org\/wp-content\/uploads\/2025\/03\/FOTO-GUILLERMO-GUTIERREZ-PIRAQUIVE-OMAEC-96x96.jpg","caption":"Secretario General"},"description":"EXPERIENCIA LABORAL: SERVICIO NACIONAL DE APRENDIZAJE-SENA Regional Bogot\u00e1. Centro de Gesti\u00f3n de Mercados, Log\u00edstica y Tecnolog\u00edas de la Informaci\u00f3n. \u00b7Instructor de Mercadeo. SERVICIO NACIONAL DE APRENDIZAJE-SENA Regional Bogot\u00e1. Centro de Gesti\u00f3n Administrativa. \u00b7Instructor de Ventas. ARTESAN\u00cdAS DE COLOMBIA. \u00b7Administrador Centro Artesanal La Chamba (Tolima). PROGRAMADORA TELECULTURALES. \u00b7Asistente de Direcci\u00f3n AGENCIAS DE PUBLICIDAD: REP Y MASTER \u00b7Jefe de Medios SANCHO PUBLICIDAD \u00b7Jefe de Tr\u00e1fico. LEO BURNETT \u00b7Asistente de Medios. EDUCACION: \u00b7FUNDACI\u00d3N UNIVERSITARIA SALESIANA Diplomado en Salesianidad. \u00b7POLIT\u00c9CNICO GRANCOLOMBIANO Especializaci\u00f3n en Gerencia de Mercadeo. \u00b7UNIVERSIDAD NACIONAL ABIERTA Y A DISTANCIA Administraci\u00f3n de Empresas. \u00b7SERVICIO NACIONAL DE APRENDIZAJE-SENA Mercadotecnia. \u00b7UNIVERSIDAD CENTRAL Publicidad. \u00b7COLEGIO SALESIANO DE LE\u00d3N XIII Bachiller Acad\u00e9mico. EXPERIENCIA EXALUMNAL: ASOCIACI\u00d3N DE EXALUMNOS SDB-AEXSDBINSPECTOR\u00cdA SAN PEDRO CLAVER Presidente Sexenio 2021-2027. \u00b7ASOCIACI\u00d3N DE EXALUMNOS SDB-AEXSDBINSPECTOR\u00cdA SAN PEDRO CLAVER Vicepresidente Sexenio 2015-2021. \u00b7COLEGIO SALESIANO DE LE\u00d3N XIII. L\u00edder Promoci\u00f3n 1969. EXALUMNAL","url":"https:\/\/www.omaec.org\/en\/author\/omaec-admin\/"}]}},"_links":{"self":[{"href":"https:\/\/www.omaec.org\/en\/wp-json\/wp\/v2\/posts\/19571","targetHints":{"allow":["GET"]}}],"collection":[{"href":"https:\/\/www.omaec.org\/en\/wp-json\/wp\/v2\/posts"}],"about":[{"href":"https:\/\/www.omaec.org\/en\/wp-json\/wp\/v2\/types\/post"}],"author":[{"embeddable":true,"href":"https:\/\/www.omaec.org\/en\/wp-json\/wp\/v2\/users\/1"}],"replies":[{"embeddable":true,"href":"https:\/\/www.omaec.org\/en\/wp-json\/wp\/v2\/comments?post=19571"}],"version-history":[{"count":1,"href":"https:\/\/www.omaec.org\/en\/wp-json\/wp\/v2\/posts\/19571\/revisions"}],"predecessor-version":[{"id":19572,"href":"https:\/\/www.omaec.org\/en\/wp-json\/wp\/v2\/posts\/19571\/revisions\/19572"}],"wp:featuredmedia":[{"embeddable":true,"href":"https:\/\/www.omaec.org\/en\/wp-json\/wp\/v2\/media\/19568"}],"wp:attachment":[{"href":"https:\/\/www.omaec.org\/en\/wp-json\/wp\/v2\/media?parent=19571"}],"wp:term":[{"taxonomy":"category","embeddable":true,"href":"https:\/\/www.omaec.org\/en\/wp-json\/wp\/v2\/categories?post=19571"},{"taxonomy":"post_tag","embeddable":true,"href":"https:\/\/www.omaec.org\/en\/wp-json\/wp\/v2\/tags?post=19571"}],"curies":[{"name":"wp","href":"https:\/\/api.w.org\/{rel}","templated":true}]}}