{"id":11230,"date":"2022-10-27T12:19:55","date_gmt":"2022-10-27T11:19:55","guid":{"rendered":"https:\/\/www.omaec.org\/?p=11230"},"modified":"2022-10-27T12:19:55","modified_gmt":"2022-10-27T11:19:55","slug":"omaec-present-at-the-3rd-lasallian-alumni-congress","status":"publish","type":"post","link":"https:\/\/www.omaec.org\/en\/omaec-present-at-the-3rd-lasallian-alumni-congress\/","title":{"rendered":"OMAEC present at the 3rd Lasallian alumni Congress"},"content":{"rendered":"<p>The 3<sup>rd<\/sup> Latin American Congress of Lasallian Alumni took place in Cochabamba, Bolivia, under the slogan <strong>&#8220;Sharing our commitment to service&#8221;.<\/strong><\/p>\n<p>The event was organised by the Association of Former Students of Colegio La Salle de Cochabamba and was held thanks to the support of the Congregation of the Brothers of the Christian Schools of La Salle and with the committed encouragement of the Secretary for Mission, Management and Organisation of the Latin American Lasallian Region &#8211; RELAL (Br. Vinicio Gonz\u00e1lez Gramajo); the Visitor Brother of the District of Bolivia Peru (Br. Jorge Aguilar Reina); the President of the World Union of Lasallian Former Students &#8211; UMAEL (Alejandro Galv\u00e1n Illanes); and SOMOS La Salle.<\/p>\n<p>The Association of Former Students of La Salle Cochabamba took up the challenge because it considered it essential to continue working to consolidate the organisation of former students of the Region with the aim of sharing all that they had learned in the classrooms of La Salle and thus contribute to improving the living conditions of Bolivian and Latin American society, guided by Faith, Fraternity and Service.<\/p>\n<p>Within this framework, an invitation was extended to the representatives of the former students of other educational works of the Church so that the OMAEC correspondent for Bolivia (Carlos Arroyo) could present the organisation and propose to begin work of coordination with a view to setting up a national body of former students of Catholic education in Bolivia.<a href=\"https:\/\/www.omaec.org\/wp-content\/uploads\/2022\/10\/cochabamba2-2.jpg\"><img loading=\"lazy\" decoding=\"async\" class=\"size-medium wp-image-11232 alignleft\" src=\"https:\/\/www.omaec.org\/wp-content\/uploads\/2022\/10\/cochabamba2-2-300x225.jpg\" alt=\"\" width=\"300\" height=\"225\" srcset=\"https:\/\/www.omaec.org\/wp-content\/uploads\/2022\/10\/cochabamba2-2-300x225.jpg 300w, https:\/\/www.omaec.org\/wp-content\/uploads\/2022\/10\/cochabamba2-2-1024x768.jpg 1024w, https:\/\/www.omaec.org\/wp-content\/uploads\/2022\/10\/cochabamba2-2-768x576.jpg 768w, https:\/\/www.omaec.org\/wp-content\/uploads\/2022\/10\/cochabamba2-2-1170x878.jpg 1170w, https:\/\/www.omaec.org\/wp-content\/uploads\/2022\/10\/cochabamba2-2.jpg 1280w\" sizes=\"auto, (max-width: 300px) 100vw, 300px\" \/><\/a><\/p>\n<p>Although, for various reasons, only the representative of the Salesian alumni (Oscar Amaya) took part in the meeting, it was also possible to share information about OMAEC with the 25 participants of the congress who came from countries such as Ecuador, Guatemala, Honduras, Costa Rica, and Bolivia (representatives of associations from La Paz, Oruro, Trinidad, Pando and Cochabamba). Likewise, the conditions were created so that, together with the representative of the Salesians and the representative of La Salle, a next meeting could be convened in the month of November.<\/p>\n<p><strong>Carlos Arroyo &#8211; OMAEC Bolivie Correspondent<\/strong><\/p>\n","protected":false},"excerpt":{"rendered":"<p>The 3rd Latin American Congress of Lasallian Alumni took place in Cochabamba, Bolivia, under the slogan &#8220;Sharing our commitment to service&#8221;. The event was organised by the Association of Former Students of Colegio La Salle de Cochabamba and was held thanks to the support of the Congregation of the Brothers of the Christian Schools of <a href=\"https:\/\/www.omaec.org\/en\/omaec-present-at-the-3rd-lasallian-alumni-congress\/\" rel=\"nofollow\">(more&#8230;)<\/a><\/p>\n","protected":false},"author":1,"featured_media":11231,"comment_status":"closed","ping_status":"open","sticky":false,"template":"","format":"standard","meta":{"footnotes":""},"categories":[47,48,4,40,39],"tags":[],"class_list":["post-11230","post","type-post","status-publish","format-standard","has-post-thumbnail","hentry","category-conference-en","category-conferences","category-congresos","category-sin-categoria-fr","category-sin-categoria-en"],"acf":[],"yoast_head":"<!-- This site is optimized with the Yoast SEO plugin v20.11 - https:\/\/yoast.com\/wordpress\/plugins\/seo\/ -->\n<title>OMAEC present at the 3rd Lasallian alumni Congress - Organizaci\u00f3n Mundial de Antiguos Alumnos de la Educaci\u00f3n Cat\u00f3lica<\/title>\n<meta name=\"robots\" content=\"index, follow, max-snippet:-1, max-image-preview:large, max-video-preview:-1\" \/>\n<link rel=\"canonical\" href=\"https:\/\/www.omaec.org\/omaec-presente-en-el-iii-congreso-de-exalumnos-lasallistas\/\" \/>\n<meta property=\"og:locale\" content=\"en_US\" \/>\n<meta property=\"og:type\" content=\"article\" \/>\n<meta property=\"og:title\" content=\"OMAEC present at the 3rd Lasallian alumni Congress - Organizaci\u00f3n Mundial de Antiguos Alumnos de la Educaci\u00f3n Cat\u00f3lica\" \/>\n<meta property=\"og:description\" content=\"The 3rd Latin American Congress of Lasallian Alumni took place in Cochabamba, Bolivia, under the slogan &#8220;Sharing our commitment to service&#8221;. The event was organised by the Association of Former Students of Colegio La Salle de Cochabamba and was held thanks to the support of the Congregation of the Brothers of the Christian Schools of (more...)\" \/>\n<meta property=\"og:url\" content=\"https:\/\/www.omaec.org\/omaec-presente-en-el-iii-congreso-de-exalumnos-lasallistas\/\" \/>\n<meta property=\"og:site_name\" content=\"Organizaci\u00f3n Mundial de Antiguos Alumnos de la Educaci\u00f3n Cat\u00f3lica\" \/>\n<meta property=\"article:published_time\" content=\"2022-10-27T11:19:55+00:00\" \/>\n<meta property=\"og:image\" content=\"https:\/\/www.omaec.org\/wp-content\/uploads\/2022\/10\/cochabamba-1-2.jpg\" \/>\n\t<meta property=\"og:image:width\" content=\"1280\" \/>\n\t<meta property=\"og:image:height\" content=\"960\" \/>\n\t<meta property=\"og:image:type\" content=\"image\/jpeg\" \/>\n<meta name=\"author\" content=\"Secretario General\" \/>\n<meta name=\"twitter:card\" content=\"summary_large_image\" \/>\n<meta name=\"twitter:label1\" content=\"Written by\" \/>\n\t<meta name=\"twitter:data1\" content=\"Secretario General\" \/>\n\t<meta name=\"twitter:label2\" content=\"Est. reading time\" \/>\n\t<meta name=\"twitter:data2\" content=\"2 minutes\" \/>\n<script type=\"application\/ld+json\" class=\"yoast-schema-graph\">{\"@context\":\"https:\/\/schema.org\",\"@graph\":[{\"@type\":\"Article\",\"@id\":\"https:\/\/www.omaec.org\/omaec-presente-en-el-iii-congreso-de-exalumnos-lasallistas\/#article\",\"isPartOf\":{\"@id\":\"https:\/\/www.omaec.org\/omaec-presente-en-el-iii-congreso-de-exalumnos-lasallistas\/\"},\"author\":{\"name\":\"Secretario General\",\"@id\":\"https:\/\/www.omaec.org\/#\/schema\/person\/b6995e5c4038e3cf602f2bb958068c35\"},\"headline\":\"OMAEC present at the 3rd Lasallian alumni Congress\",\"datePublished\":\"2022-10-27T11:19:55+00:00\",\"dateModified\":\"2022-10-27T11:19:55+00:00\",\"mainEntityOfPage\":{\"@id\":\"https:\/\/www.omaec.org\/omaec-presente-en-el-iii-congreso-de-exalumnos-lasallistas\/\"},\"wordCount\":343,\"publisher\":{\"@id\":\"https:\/\/www.omaec.org\/#organization\"},\"articleSection\":[\"Conferences\",\"Conf\u00e9rences\",\"Congresos\",\"Sans cat\u00e9gorie\",\"Sin categor\u00eda @en\"],\"inLanguage\":\"en-US\"},{\"@type\":\"WebPage\",\"@id\":\"https:\/\/www.omaec.org\/omaec-presente-en-el-iii-congreso-de-exalumnos-lasallistas\/\",\"url\":\"https:\/\/www.omaec.org\/omaec-presente-en-el-iii-congreso-de-exalumnos-lasallistas\/\",\"name\":\"OMAEC present at the 3rd Lasallian alumni Congress - Organizaci\u00f3n Mundial de Antiguos Alumnos de la Educaci\u00f3n Cat\u00f3lica\",\"isPartOf\":{\"@id\":\"https:\/\/www.omaec.org\/#website\"},\"datePublished\":\"2022-10-27T11:19:55+00:00\",\"dateModified\":\"2022-10-27T11:19:55+00:00\",\"breadcrumb\":{\"@id\":\"https:\/\/www.omaec.org\/omaec-presente-en-el-iii-congreso-de-exalumnos-lasallistas\/#breadcrumb\"},\"inLanguage\":\"en-US\",\"potentialAction\":[{\"@type\":\"ReadAction\",\"target\":[\"https:\/\/www.omaec.org\/omaec-presente-en-el-iii-congreso-de-exalumnos-lasallistas\/\"]}]},{\"@type\":\"BreadcrumbList\",\"@id\":\"https:\/\/www.omaec.org\/omaec-presente-en-el-iii-congreso-de-exalumnos-lasallistas\/#breadcrumb\",\"itemListElement\":[{\"@type\":\"ListItem\",\"position\":1,\"name\":\"Portada\",\"item\":\"https:\/\/www.omaec.org\/en\/\"},{\"@type\":\"ListItem\",\"position\":2,\"name\":\"OMAEC present at the 3rd Lasallian alumni Congress\"}]},{\"@type\":\"WebSite\",\"@id\":\"https:\/\/www.omaec.org\/#website\",\"url\":\"https:\/\/www.omaec.org\/\",\"name\":\"Organizaci\u00f3n Mundial de Antiguos Alumnos de la Educaci\u00f3n Cat\u00f3lica\",\"description\":\"OMAEC\",\"publisher\":{\"@id\":\"https:\/\/www.omaec.org\/#organization\"},\"potentialAction\":[{\"@type\":\"SearchAction\",\"target\":{\"@type\":\"EntryPoint\",\"urlTemplate\":\"https:\/\/www.omaec.org\/?s={search_term_string}\"},\"query-input\":\"required name=search_term_string\"}],\"inLanguage\":\"en-US\"},{\"@type\":\"Organization\",\"@id\":\"https:\/\/www.omaec.org\/#organization\",\"name\":\"Organizaci\u00f3n Mundial de Antiguos Alumnos de la Educaci\u00f3n Cat\u00f3lica\",\"url\":\"https:\/\/www.omaec.org\/\",\"logo\":{\"@type\":\"ImageObject\",\"inLanguage\":\"en-US\",\"@id\":\"https:\/\/www.omaec.org\/#\/schema\/logo\/image\/\",\"url\":\"https:\/\/www.omaec.org\/wp-content\/uploads\/2021\/06\/OMAEC-LOGO-OFICIAL.jpg\",\"contentUrl\":\"https:\/\/www.omaec.org\/wp-content\/uploads\/2021\/06\/OMAEC-LOGO-OFICIAL.jpg\",\"width\":525,\"height\":452,\"caption\":\"Organizaci\u00f3n Mundial de Antiguos  Alumnos de la Educaci\u00f3n Cat\u00f3lica\"},\"image\":{\"@id\":\"https:\/\/www.omaec.org\/#\/schema\/logo\/image\/\"}},{\"@type\":\"Person\",\"@id\":\"https:\/\/www.omaec.org\/#\/schema\/person\/b6995e5c4038e3cf602f2bb958068c35\",\"name\":\"Secretario General\",\"image\":{\"@type\":\"ImageObject\",\"inLanguage\":\"en-US\",\"@id\":\"https:\/\/www.omaec.org\/#\/schema\/person\/image\/\",\"url\":\"https:\/\/www.omaec.org\/wp-content\/uploads\/2025\/03\/FOTO-GUILLERMO-GUTIERREZ-PIRAQUIVE-OMAEC-96x96.jpg\",\"contentUrl\":\"https:\/\/www.omaec.org\/wp-content\/uploads\/2025\/03\/FOTO-GUILLERMO-GUTIERREZ-PIRAQUIVE-OMAEC-96x96.jpg\",\"caption\":\"Secretario General\"},\"description\":\"EXPERIENCIA LABORAL: SERVICIO NACIONAL DE APRENDIZAJE-SENA Regional Bogot\u00e1. Centro de Gesti\u00f3n de Mercados, Log\u00edstica y Tecnolog\u00edas de la Informaci\u00f3n. \u00b7Instructor de Mercadeo. SERVICIO NACIONAL DE APRENDIZAJE-SENA Regional Bogot\u00e1. Centro de Gesti\u00f3n Administrativa. \u00b7Instructor de Ventas. ARTESAN\u00cdAS DE COLOMBIA. \u00b7Administrador Centro Artesanal La Chamba (Tolima). PROGRAMADORA TELECULTURALES. \u00b7Asistente de Direcci\u00f3n AGENCIAS DE PUBLICIDAD: REP Y MASTER \u00b7Jefe de Medios SANCHO PUBLICIDAD \u00b7Jefe de Tr\u00e1fico. LEO BURNETT \u00b7Asistente de Medios. EDUCACION: \u00b7FUNDACI\u00d3N UNIVERSITARIA SALESIANA Diplomado en Salesianidad. \u00b7POLIT\u00c9CNICO GRANCOLOMBIANO Especializaci\u00f3n en Gerencia de Mercadeo. \u00b7UNIVERSIDAD NACIONAL ABIERTA Y A DISTANCIA Administraci\u00f3n de Empresas. \u00b7SERVICIO NACIONAL DE APRENDIZAJE-SENA Mercadotecnia. \u00b7UNIVERSIDAD CENTRAL Publicidad. \u00b7COLEGIO SALESIANO DE LE\u00d3N XIII Bachiller Acad\u00e9mico. EXPERIENCIA EXALUMNAL: ASOCIACI\u00d3N DE EXALUMNOS SDB-AEXSDBINSPECTOR\u00cdA SAN PEDRO CLAVER Presidente Sexenio 2021-2027. \u00b7ASOCIACI\u00d3N DE EXALUMNOS SDB-AEXSDBINSPECTOR\u00cdA SAN PEDRO CLAVER Vicepresidente Sexenio 2015-2021. \u00b7COLEGIO SALESIANO DE LE\u00d3N XIII. L\u00edder Promoci\u00f3n 1969. EXALUMNAL\",\"url\":\"https:\/\/www.omaec.org\/en\/author\/omaec-admin\/\"}]}<\/script>\n<!-- \/ Yoast SEO plugin. -->","yoast_head_json":{"title":"OMAEC present at the 3rd Lasallian alumni Congress - Organizaci\u00f3n Mundial de Antiguos Alumnos de la Educaci\u00f3n Cat\u00f3lica","robots":{"index":"index","follow":"follow","max-snippet":"max-snippet:-1","max-image-preview":"max-image-preview:large","max-video-preview":"max-video-preview:-1"},"canonical":"https:\/\/www.omaec.org\/omaec-presente-en-el-iii-congreso-de-exalumnos-lasallistas\/","og_locale":"en_US","og_type":"article","og_title":"OMAEC present at the 3rd Lasallian alumni Congress - Organizaci\u00f3n Mundial de Antiguos Alumnos de la Educaci\u00f3n Cat\u00f3lica","og_description":"The 3rd Latin American Congress of Lasallian Alumni took place in Cochabamba, Bolivia, under the slogan &#8220;Sharing our commitment to service&#8221;. The event was organised by the Association of Former Students of Colegio La Salle de Cochabamba and was held thanks to the support of the Congregation of the Brothers of the Christian Schools of (more...)","og_url":"https:\/\/www.omaec.org\/omaec-presente-en-el-iii-congreso-de-exalumnos-lasallistas\/","og_site_name":"Organizaci\u00f3n Mundial de Antiguos Alumnos de la Educaci\u00f3n Cat\u00f3lica","article_published_time":"2022-10-27T11:19:55+00:00","og_image":[{"width":1280,"height":960,"url":"https:\/\/www.omaec.org\/wp-content\/uploads\/2022\/10\/cochabamba-1-2.jpg","type":"image\/jpeg"}],"author":"Secretario General","twitter_card":"summary_large_image","twitter_misc":{"Written by":"Secretario General","Est. reading time":"2 minutes"},"schema":{"@context":"https:\/\/schema.org","@graph":[{"@type":"Article","@id":"https:\/\/www.omaec.org\/omaec-presente-en-el-iii-congreso-de-exalumnos-lasallistas\/#article","isPartOf":{"@id":"https:\/\/www.omaec.org\/omaec-presente-en-el-iii-congreso-de-exalumnos-lasallistas\/"},"author":{"name":"Secretario General","@id":"https:\/\/www.omaec.org\/#\/schema\/person\/b6995e5c4038e3cf602f2bb958068c35"},"headline":"OMAEC present at the 3rd Lasallian alumni Congress","datePublished":"2022-10-27T11:19:55+00:00","dateModified":"2022-10-27T11:19:55+00:00","mainEntityOfPage":{"@id":"https:\/\/www.omaec.org\/omaec-presente-en-el-iii-congreso-de-exalumnos-lasallistas\/"},"wordCount":343,"publisher":{"@id":"https:\/\/www.omaec.org\/#organization"},"articleSection":["Conferences","Conf\u00e9rences","Congresos","Sans cat\u00e9gorie","Sin categor\u00eda @en"],"inLanguage":"en-US"},{"@type":"WebPage","@id":"https:\/\/www.omaec.org\/omaec-presente-en-el-iii-congreso-de-exalumnos-lasallistas\/","url":"https:\/\/www.omaec.org\/omaec-presente-en-el-iii-congreso-de-exalumnos-lasallistas\/","name":"OMAEC present at the 3rd Lasallian alumni Congress - Organizaci\u00f3n Mundial de Antiguos Alumnos de la Educaci\u00f3n Cat\u00f3lica","isPartOf":{"@id":"https:\/\/www.omaec.org\/#website"},"datePublished":"2022-10-27T11:19:55+00:00","dateModified":"2022-10-27T11:19:55+00:00","breadcrumb":{"@id":"https:\/\/www.omaec.org\/omaec-presente-en-el-iii-congreso-de-exalumnos-lasallistas\/#breadcrumb"},"inLanguage":"en-US","potentialAction":[{"@type":"ReadAction","target":["https:\/\/www.omaec.org\/omaec-presente-en-el-iii-congreso-de-exalumnos-lasallistas\/"]}]},{"@type":"BreadcrumbList","@id":"https:\/\/www.omaec.org\/omaec-presente-en-el-iii-congreso-de-exalumnos-lasallistas\/#breadcrumb","itemListElement":[{"@type":"ListItem","position":1,"name":"Portada","item":"https:\/\/www.omaec.org\/en\/"},{"@type":"ListItem","position":2,"name":"OMAEC present at the 3rd Lasallian alumni Congress"}]},{"@type":"WebSite","@id":"https:\/\/www.omaec.org\/#website","url":"https:\/\/www.omaec.org\/","name":"Organizaci\u00f3n Mundial de Antiguos Alumnos de la Educaci\u00f3n Cat\u00f3lica","description":"OMAEC","publisher":{"@id":"https:\/\/www.omaec.org\/#organization"},"potentialAction":[{"@type":"SearchAction","target":{"@type":"EntryPoint","urlTemplate":"https:\/\/www.omaec.org\/?s={search_term_string}"},"query-input":"required name=search_term_string"}],"inLanguage":"en-US"},{"@type":"Organization","@id":"https:\/\/www.omaec.org\/#organization","name":"Organizaci\u00f3n Mundial de Antiguos Alumnos de la Educaci\u00f3n Cat\u00f3lica","url":"https:\/\/www.omaec.org\/","logo":{"@type":"ImageObject","inLanguage":"en-US","@id":"https:\/\/www.omaec.org\/#\/schema\/logo\/image\/","url":"https:\/\/www.omaec.org\/wp-content\/uploads\/2021\/06\/OMAEC-LOGO-OFICIAL.jpg","contentUrl":"https:\/\/www.omaec.org\/wp-content\/uploads\/2021\/06\/OMAEC-LOGO-OFICIAL.jpg","width":525,"height":452,"caption":"Organizaci\u00f3n Mundial de Antiguos  Alumnos de la Educaci\u00f3n Cat\u00f3lica"},"image":{"@id":"https:\/\/www.omaec.org\/#\/schema\/logo\/image\/"}},{"@type":"Person","@id":"https:\/\/www.omaec.org\/#\/schema\/person\/b6995e5c4038e3cf602f2bb958068c35","name":"Secretario General","image":{"@type":"ImageObject","inLanguage":"en-US","@id":"https:\/\/www.omaec.org\/#\/schema\/person\/image\/","url":"https:\/\/www.omaec.org\/wp-content\/uploads\/2025\/03\/FOTO-GUILLERMO-GUTIERREZ-PIRAQUIVE-OMAEC-96x96.jpg","contentUrl":"https:\/\/www.omaec.org\/wp-content\/uploads\/2025\/03\/FOTO-GUILLERMO-GUTIERREZ-PIRAQUIVE-OMAEC-96x96.jpg","caption":"Secretario General"},"description":"EXPERIENCIA LABORAL: SERVICIO NACIONAL DE APRENDIZAJE-SENA Regional Bogot\u00e1. Centro de Gesti\u00f3n de Mercados, Log\u00edstica y Tecnolog\u00edas de la Informaci\u00f3n. \u00b7Instructor de Mercadeo. SERVICIO NACIONAL DE APRENDIZAJE-SENA Regional Bogot\u00e1. Centro de Gesti\u00f3n Administrativa. \u00b7Instructor de Ventas. ARTESAN\u00cdAS DE COLOMBIA. \u00b7Administrador Centro Artesanal La Chamba (Tolima). PROGRAMADORA TELECULTURALES. \u00b7Asistente de Direcci\u00f3n AGENCIAS DE PUBLICIDAD: REP Y MASTER \u00b7Jefe de Medios SANCHO PUBLICIDAD \u00b7Jefe de Tr\u00e1fico. LEO BURNETT \u00b7Asistente de Medios. EDUCACION: \u00b7FUNDACI\u00d3N UNIVERSITARIA SALESIANA Diplomado en Salesianidad. \u00b7POLIT\u00c9CNICO GRANCOLOMBIANO Especializaci\u00f3n en Gerencia de Mercadeo. \u00b7UNIVERSIDAD NACIONAL ABIERTA Y A DISTANCIA Administraci\u00f3n de Empresas. \u00b7SERVICIO NACIONAL DE APRENDIZAJE-SENA Mercadotecnia. \u00b7UNIVERSIDAD CENTRAL Publicidad. \u00b7COLEGIO SALESIANO DE LE\u00d3N XIII Bachiller Acad\u00e9mico. EXPERIENCIA EXALUMNAL: ASOCIACI\u00d3N DE EXALUMNOS SDB-AEXSDBINSPECTOR\u00cdA SAN PEDRO CLAVER Presidente Sexenio 2021-2027. \u00b7ASOCIACI\u00d3N DE EXALUMNOS SDB-AEXSDBINSPECTOR\u00cdA SAN PEDRO CLAVER Vicepresidente Sexenio 2015-2021. \u00b7COLEGIO SALESIANO DE LE\u00d3N XIII. L\u00edder Promoci\u00f3n 1969. EXALUMNAL","url":"https:\/\/www.omaec.org\/en\/author\/omaec-admin\/"}]}},"_links":{"self":[{"href":"https:\/\/www.omaec.org\/en\/wp-json\/wp\/v2\/posts\/11230","targetHints":{"allow":["GET"]}}],"collection":[{"href":"https:\/\/www.omaec.org\/en\/wp-json\/wp\/v2\/posts"}],"about":[{"href":"https:\/\/www.omaec.org\/en\/wp-json\/wp\/v2\/types\/post"}],"author":[{"embeddable":true,"href":"https:\/\/www.omaec.org\/en\/wp-json\/wp\/v2\/users\/1"}],"replies":[{"embeddable":true,"href":"https:\/\/www.omaec.org\/en\/wp-json\/wp\/v2\/comments?post=11230"}],"version-history":[{"count":1,"href":"https:\/\/www.omaec.org\/en\/wp-json\/wp\/v2\/posts\/11230\/revisions"}],"predecessor-version":[{"id":11233,"href":"https:\/\/www.omaec.org\/en\/wp-json\/wp\/v2\/posts\/11230\/revisions\/11233"}],"wp:featuredmedia":[{"embeddable":true,"href":"https:\/\/www.omaec.org\/en\/wp-json\/wp\/v2\/media\/11231"}],"wp:attachment":[{"href":"https:\/\/www.omaec.org\/en\/wp-json\/wp\/v2\/media?parent=11230"}],"wp:term":[{"taxonomy":"category","embeddable":true,"href":"https:\/\/www.omaec.org\/en\/wp-json\/wp\/v2\/categories?post=11230"},{"taxonomy":"post_tag","embeddable":true,"href":"https:\/\/www.omaec.org\/en\/wp-json\/wp\/v2\/tags?post=11230"}],"curies":[{"name":"wp","href":"https:\/\/api.w.org\/{rel}","templated":true}]}}